{"id":9639,"date":"2026-09-03T11:21:19","date_gmt":"2026-09-03T10:21:19","guid":{"rendered":"https:\/\/republikken.net\/fernando-and-the-future-of-public-mobility\/"},"modified":"2026-09-03T11:57:08","modified_gmt":"2026-09-03T10:57:08","slug":"fernando-and-the-future-of-public-mobility","status":"publish","type":"post","link":"https:\/\/republikken.net\/da\/fernando-and-the-future-of-public-mobility\/","title":{"rendered":"Fernando og fremtiden for offentlig mobilitet"},"content":{"rendered":"\n<p class=\"wp-block-paragraph\">Denne torsdag til <a href=\"https:\/\/republikken.net\/community-calendar\/\">Community Breakfast<\/a> m\u00f8dte vi Fernando, medstifter af <a href=\"https:\/\/www.impactmarket.co\/\">ImpactMarket<\/a>, som snart bliver til Re:Public.<\/p>\n\n\n\n<p class=\"wp-block-paragraph\">Sammen med Karina og Erdem arbejder Fernando med gov-tech, data, mobilitet og social impact. Deres platform hj\u00e6lper offentlige akt\u00f8rer med at forst\u00e5 den reelle v\u00e6rdi af transportinvesteringer, og hvordan ny mobilitet kan underst\u00f8tte bedre beslutninger.<\/p>\n\n\n\n<p class=\"wp-block-paragraph\">Men det, der stod tydeligst frem, var Fernandos energi, humor og klare tro p\u00e5, at bedre data kan v\u00e6re med til at skabe bedre byer.<\/p>\n\n\n\n<h2 class=\"wp-block-heading\">Fra Latinamerika til K\u00f8benhavn<\/h2>\n\n\n\n<p class=\"wp-block-paragraph\">Fernando er f\u00f8dt og opvokset i Honduras, har argentinske r\u00f8dder og arbejdede p\u00e5 tv\u00e6rs af Latinamerika, f\u00f8r han kom til K\u00f8benhavn.<\/p>\n\n\n\n<p class=\"wp-block-paragraph\">Hans baggrund er inden for udviklingsfinansiering, impact investering, kommerciel v\u00e6kst og start-ups. Han har arbejdet med virksomheder p\u00e5 tv\u00e6rs af lande og brancher, altid med fokus p\u00e5 impact, v\u00e6kst og hvordan id\u00e9er kan blive til konkrete l\u00f8sninger.<\/p>\n\n\n\n<p class=\"wp-block-paragraph\">Det, der skulle have v\u00e6ret \u00e9t \u00e5r i Skandinavien, blev til mange flere, og i dag er K\u00f8benhavn hjemme.<\/p>\n\n\n\n<h2 class=\"wp-block-heading\">At f\u00e5 mobilitet til at fungere bedre<\/h2>\n\n\n\n<p class=\"wp-block-paragraph\">Hos ImpactMarket er fokus p\u00e5 ny mobilitet.<\/p>\n\n\n\n<p class=\"wp-block-paragraph\">Det d\u00e6kker alt fra delecykler og el-l\u00f8behjul til delebiler, samk\u00f8rsel og fremtidens selvk\u00f8rende k\u00f8ret\u00f8jer. M\u00e5let er ikke at erstatte offentlig transport, men at underst\u00f8tte den.<\/p>\n\n\n\n<p class=\"wp-block-paragraph\">Fernando forklarede, hvordan bedre data kan hj\u00e6lpe byer med at forst\u00e5, hvorn\u00e5r ny mobilitet faktisk d\u00e6kker et reelt transportbehov. For eksempel n\u00e5r en delecykel eller et el-l\u00f8behjul hj\u00e6lper nogen med at n\u00e5 en togstation, et busstoppested eller en metroforbindelse i stedet for at tage privatbilen.<\/p>\n\n\n\n<p class=\"wp-block-paragraph\">Arbejdet starter med noget simpelt: at forst\u00e5 den enkelte tur. Hvad erstattede den? Var den koblet til offentlig transport? Forbedrede den adgang, reducerede tr\u00e6ngsel, sparede plads eller bidrog den til bedre klima- og sundhedsresultater?<\/p>\n\n\n\n<p class=\"wp-block-paragraph\">Derfra kan byer tr\u00e6ffe klogere og mere m\u00e5lrettede beslutninger.<\/p>\n\n\n\n<h2 class=\"wp-block-heading\">Data, adf\u00e6rd og bedre byer<\/h2>\n\n\n\n<p class=\"wp-block-paragraph\">En af de mest interessante dele af opl\u00e6gget var, hvordan komplekse systemer kan begynde med meget praktiske sp\u00f8rgsm\u00e5l.<\/p>\n\n\n\n<p class=\"wp-block-paragraph\">Hvordan bev\u00e6ger mennesker sig?<br>Hvilke valg tr\u00e6ffer de?<br>Hvad ville de have gjort, hvis den mulighed ikke var tilg\u00e6ngelig?<br>Og hvordan kan sm\u00e5 incitamenter hj\u00e6lpe med at flytte adf\u00e6rd i en bedre retning?<\/p>\n\n\n\n<p class=\"wp-block-paragraph\">Fernando fortalte om arbejdet med byer og transportmyndigheder i blandt andet Norge og om potentialet for at skalere modellen p\u00e5 tv\u00e6rs af Europa.<\/p>\n\n\n\n<p class=\"wp-block-paragraph\">Id\u00e9en er at bruge data, ikke kun til at m\u00e5le hvad der er sket, men til at forst\u00e5 hvad der virker, hvad der ikke virker, og hvor offentlige investeringer kan skabe mest v\u00e6rdi.<\/p>\n\n\n\n<h2 class=\"wp-block-heading\">Et nyt kapitel med Re:Public<\/h2>\n\n\n\n<p class=\"wp-block-paragraph\">Fernando fortalte ogs\u00e5, at ImpactMarket bev\u00e6ger sig ind i et nyt kapitel under navnet Re:Public.<\/p>\n\n\n\n<p class=\"wp-block-paragraph\">Id\u00e9en er at gent\u00e6nke, hvordan offentlige services kan fungere, ikke kun inden for transport, men p\u00e5 tv\u00e6rs af omr\u00e5der, hvor myndigheder, byer og borgere m\u00f8des.<\/p>\n\n\n\n<p class=\"wp-block-paragraph\">Det bygger stadig p\u00e5 den samme mission: at bruge data, teknologi og impact-t\u00e6nkning til at g\u00f8re offentlige beslutninger bedre, mere transparente og mere brugbare.<\/p>\n\n\n\n<p class=\"wp-block-paragraph\">Og i \u00e6gte Fernando-stil kom annonceringen med en joke, et twist og masser af god energi rundt om bordet.<\/p>\n\n\n\n<h2 class=\"wp-block-heading\">Hvorfor det betyder noget<\/h2>\n\n\n\n<p class=\"wp-block-paragraph\">Fernandos historie var en p\u00e5mindelse om, at impact ikke altid er noget abstrakt.<\/p>\n\n\n\n<p class=\"wp-block-paragraph\">Det kan findes i den m\u00e5de, vi bev\u00e6ger os gennem byen p\u00e5, den plads vi frig\u00f8r, de valg vi g\u00f8r lettere, og de systemer vi forbedrer.<\/p>\n\n\n\n<p class=\"wp-block-paragraph\">Det var ogs\u00e5 en p\u00e5mindelse om, at gode id\u00e9er ofte lever mellem forskellige verdener: business, teknologi, offentlig politik, data og menneskelig adf\u00e6rd.<\/p>\n\n\n\n<p class=\"wp-block-paragraph\">Vi er meget glade for at have Fernando, Karina, Erdem og Re i Republikken-f\u00e6llesskabet, og vi gl\u00e6der os til at f\u00f8lge deres n\u00e6ste kapitel.<\/p>\n\n\n\n<p class=\"wp-block-paragraph\">Tak fordi du delte din historie, Fernando, og gav os et tankev\u00e6kkende, sjovt og inspirerende indblik i fremtiden for mobilitet og offentlige services.<\/p>\n","protected":false},"excerpt":{"rendered":"<p>Denne torsdag til Community Breakfast m\u00f8dte vi Fernando, medstifter af ImpactMarket, som snart bliver til Re:Public. Sammen med Karina og Erdem arbejder Fernando med gov-tech, data, mobilitet og social impact. Deres platform hj\u00e6lper offentlige akt\u00f8rer med at forst\u00e5 den reelle v\u00e6rdi af transportinvesteringer, og hvordan ny mobilitet kan underst\u00f8tte bedre beslutninger. Men det, der stod [&hellip;]<\/p>\n","protected":false},"author":1,"featured_media":9638,"comment_status":"closed","ping_status":"closed","sticky":false,"template":"","format":"standard","meta":{"footnotes":""},"categories":[137],"tags":[140,142,159,143,671,161,229,413,177,672,145,673],"class_list":["post-9639","post","type-post","status-publish","format-standard","has-post-thumbnail","hentry","category-community-breakfast-dansk","tag-breakfast-da","tag-community-da","tag-copenhagen-da","tag-coworkingspace-da","tag-impactmarket-da","tag-innovation-da","tag-koebenhavn","tag-mad","tag-member-da","tag-morgen","tag-republikken-da","tag-samtale"],"blocksy_meta":[],"yoast_head":"<!-- This site is optimized with the Yoast SEO plugin v27.4 - https:\/\/yoast.com\/product\/yoast-seo-wordpress\/ -->\n<title>Fernando og fremtiden for offentlig mobilitet | Republikken<\/title>\n<meta name=\"description\" content=\"Meet Fernando from ImpactMarket and read about public mobility, data, and how better insights can help cities make smarter decisions.\" \/>\n<meta name=\"robots\" content=\"index, follow, max-snippet:-1, max-image-preview:large, max-video-preview:-1\" \/>\n<link rel=\"canonical\" href=\"https:\/\/republikken.net\/da\/fernando-and-the-future-of-public-mobility\/\" \/>\n<meta property=\"og:locale\" content=\"da_DK\" \/>\n<meta property=\"og:type\" content=\"article\" \/>\n<meta property=\"og:title\" content=\"Fernando og fremtiden for offentlig mobilitet | Republikken\" \/>\n<meta property=\"og:description\" content=\"Meet Fernando from ImpactMarket and read about public mobility, data, and how better insights can help cities make smarter decisions.\" \/>\n<meta property=\"og:url\" content=\"https:\/\/republikken.net\/da\/fernando-and-the-future-of-public-mobility\/\" \/>\n<meta property=\"og:site_name\" content=\"Republikken\" \/>\n<meta property=\"article:publisher\" content=\"https:\/\/www.facebook.com\/republikken\/?fref=ts\" \/>\n<meta property=\"article:published_time\" content=\"2026-09-03T10:21:19+00:00\" \/>\n<meta property=\"article:modified_time\" content=\"2026-09-03T10:57:08+00:00\" \/>\n<meta property=\"og:image\" content=\"https:\/\/republikken.net\/wp-content\/uploads\/2026\/09\/SoMe-Fernando.jpg\" \/>\n\t<meta property=\"og:image:width\" content=\"1080\" \/>\n\t<meta property=\"og:image:height\" content=\"1350\" \/>\n\t<meta property=\"og:image:type\" content=\"image\/jpeg\" \/>\n<meta name=\"author\" content=\"Community Republikken\" \/>\n<meta name=\"twitter:card\" content=\"summary_large_image\" \/>\n<meta name=\"twitter:label1\" content=\"Skrevet af\" \/>\n\t<meta name=\"twitter:data1\" content=\"Community Republikken\" \/>\n\t<meta name=\"twitter:label2\" content=\"Estimeret l\u00e6setid\" \/>\n\t<meta name=\"twitter:data2\" content=\"3 minutter\" \/>\n<script type=\"application\/ld+json\" class=\"yoast-schema-graph\">{\"@context\":\"https:\\\/\\\/schema.org\",\"@graph\":[{\"@type\":\"Article\",\"@id\":\"https:\\\/\\\/republikken.net\\\/da\\\/fernando-and-the-future-of-public-mobility\\\/#article\",\"isPartOf\":{\"@id\":\"https:\\\/\\\/republikken.net\\\/da\\\/fernando-and-the-future-of-public-mobility\\\/\"},\"author\":{\"name\":\"Community Republikken\",\"@id\":\"https:\\\/\\\/republikken.net\\\/da\\\/#\\\/schema\\\/person\\\/d8e3754c336ed41f1cb0fa9bce1caf06\"},\"headline\":\"Fernando og fremtiden for offentlig mobilitet\",\"datePublished\":\"2026-09-03T10:21:19+00:00\",\"dateModified\":\"2026-09-03T10:57:08+00:00\",\"mainEntityOfPage\":{\"@id\":\"https:\\\/\\\/republikken.net\\\/da\\\/fernando-and-the-future-of-public-mobility\\\/\"},\"wordCount\":675,\"publisher\":{\"@id\":\"https:\\\/\\\/republikken.net\\\/da\\\/#organization\"},\"image\":{\"@id\":\"https:\\\/\\\/republikken.net\\\/da\\\/fernando-and-the-future-of-public-mobility\\\/#primaryimage\"},\"thumbnailUrl\":\"https:\\\/\\\/republikken.net\\\/wp-content\\\/uploads\\\/2026\\\/09\\\/SoMe-Fernando.jpg\",\"keywords\":[\"breakfast\",\"Community\",\"copenhagen\",\"coworkingspace\",\"impactmarket\",\"innovation\",\"k\u00f8benhavn\",\"mad\",\"member\",\"morgen\",\"republikken\",\"samtale\"],\"articleSection\":[\"Community Breakfast Dansk\"],\"inLanguage\":\"da-DK\"},{\"@type\":\"WebPage\",\"@id\":\"https:\\\/\\\/republikken.net\\\/da\\\/fernando-and-the-future-of-public-mobility\\\/\",\"url\":\"https:\\\/\\\/republikken.net\\\/da\\\/fernando-and-the-future-of-public-mobility\\\/\",\"name\":\"Fernando og fremtiden for offentlig mobilitet | Republikken\",\"isPartOf\":{\"@id\":\"https:\\\/\\\/republikken.net\\\/da\\\/#website\"},\"primaryImageOfPage\":{\"@id\":\"https:\\\/\\\/republikken.net\\\/da\\\/fernando-and-the-future-of-public-mobility\\\/#primaryimage\"},\"image\":{\"@id\":\"https:\\\/\\\/republikken.net\\\/da\\\/fernando-and-the-future-of-public-mobility\\\/#primaryimage\"},\"thumbnailUrl\":\"https:\\\/\\\/republikken.net\\\/wp-content\\\/uploads\\\/2026\\\/09\\\/SoMe-Fernando.jpg\",\"datePublished\":\"2026-09-03T10:21:19+00:00\",\"dateModified\":\"2026-09-03T10:57:08+00:00\",\"description\":\"Meet Fernando from ImpactMarket and read about public mobility, data, and how better insights can help cities make smarter decisions.\",\"breadcrumb\":{\"@id\":\"https:\\\/\\\/republikken.net\\\/da\\\/fernando-and-the-future-of-public-mobility\\\/#breadcrumb\"},\"inLanguage\":\"da-DK\",\"potentialAction\":[{\"@type\":\"ReadAction\",\"target\":[\"https:\\\/\\\/republikken.net\\\/da\\\/fernando-and-the-future-of-public-mobility\\\/\"]}]},{\"@type\":\"ImageObject\",\"inLanguage\":\"da-DK\",\"@id\":\"https:\\\/\\\/republikken.net\\\/da\\\/fernando-and-the-future-of-public-mobility\\\/#primaryimage\",\"url\":\"https:\\\/\\\/republikken.net\\\/wp-content\\\/uploads\\\/2026\\\/09\\\/SoMe-Fernando.jpg\",\"contentUrl\":\"https:\\\/\\\/republikken.net\\\/wp-content\\\/uploads\\\/2026\\\/09\\\/SoMe-Fernando.jpg\",\"width\":1080,\"height\":1350,\"caption\":\"Fernando from ImpactMarket\"},{\"@type\":\"BreadcrumbList\",\"@id\":\"https:\\\/\\\/republikken.net\\\/da\\\/fernando-and-the-future-of-public-mobility\\\/#breadcrumb\",\"itemListElement\":[{\"@type\":\"ListItem\",\"position\":1,\"name\":\"Home\",\"item\":\"https:\\\/\\\/republikken.net\\\/da\\\/\"},{\"@type\":\"ListItem\",\"position\":2,\"name\":\"Fernando og fremtiden for offentlig mobilitet\"}]},{\"@type\":\"WebSite\",\"@id\":\"https:\\\/\\\/republikken.net\\\/da\\\/#website\",\"url\":\"https:\\\/\\\/republikken.net\\\/da\\\/\",\"name\":\"Republikken\",\"description\":\"Coworking in Copenhagen\",\"publisher\":{\"@id\":\"https:\\\/\\\/republikken.net\\\/da\\\/#organization\"},\"potentialAction\":[{\"@type\":\"SearchAction\",\"target\":{\"@type\":\"EntryPoint\",\"urlTemplate\":\"https:\\\/\\\/republikken.net\\\/da\\\/?s={search_term_string}\"},\"query-input\":{\"@type\":\"PropertyValueSpecification\",\"valueRequired\":true,\"valueName\":\"search_term_string\"}}],\"inLanguage\":\"da-DK\"},{\"@type\":\"Organization\",\"@id\":\"https:\\\/\\\/republikken.net\\\/da\\\/#organization\",\"name\":\"Republikken\",\"url\":\"https:\\\/\\\/republikken.net\\\/da\\\/\",\"logo\":{\"@type\":\"ImageObject\",\"inLanguage\":\"da-DK\",\"@id\":\"https:\\\/\\\/republikken.net\\\/da\\\/#\\\/schema\\\/logo\\\/image\\\/\",\"url\":\"http:\\\/\\\/coworkcopenhagen.dk\\\/wp-content\\\/uploads\\\/2023\\\/05\\\/republikken-logo-yoast.png\",\"contentUrl\":\"http:\\\/\\\/coworkcopenhagen.dk\\\/wp-content\\\/uploads\\\/2023\\\/05\\\/republikken-logo-yoast.png\",\"width\":696,\"height\":696,\"caption\":\"Republikken\"},\"image\":{\"@id\":\"https:\\\/\\\/republikken.net\\\/da\\\/#\\\/schema\\\/logo\\\/image\\\/\"},\"sameAs\":[\"https:\\\/\\\/www.facebook.com\\\/republikken\\\/?fref=ts\",\"https:\\\/\\\/www.instagram.com\\\/republikken\\\/\",\"https:\\\/\\\/www.linkedin.com\\\/company\\\/republikken\\\/\"]},{\"@type\":\"Person\",\"@id\":\"https:\\\/\\\/republikken.net\\\/da\\\/#\\\/schema\\\/person\\\/d8e3754c336ed41f1cb0fa9bce1caf06\",\"name\":\"Community Republikken\",\"image\":{\"@type\":\"ImageObject\",\"inLanguage\":\"da-DK\",\"@id\":\"https:\\\/\\\/secure.gravatar.com\\\/avatar\\\/4605df72db4941e55370b52dfb6edd768bf880ea554a5f32473320020940ecf0?s=96&d=mm&r=g\",\"url\":\"https:\\\/\\\/secure.gravatar.com\\\/avatar\\\/4605df72db4941e55370b52dfb6edd768bf880ea554a5f32473320020940ecf0?s=96&d=mm&r=g\",\"contentUrl\":\"https:\\\/\\\/secure.gravatar.com\\\/avatar\\\/4605df72db4941e55370b52dfb6edd768bf880ea554a5f32473320020940ecf0?s=96&d=mm&r=g\",\"caption\":\"Community Republikken\"},\"description\":\"Join us.. it's great.\",\"sameAs\":[\"https:\\\/\\\/republikken.net\\\/\",\"https:\\\/\\\/www.linkedin.com\\\/company\\\/republikken\"],\"url\":\"https:\\\/\\\/republikken.net\\\/da\\\/author\\\/admin\\\/\"}]}<\/script>\n<!-- \/ Yoast SEO plugin. -->","yoast_head_json":{"title":"Fernando og fremtiden for offentlig mobilitet | Republikken","description":"Meet Fernando from ImpactMarket and read about public mobility, data, and how better insights can help cities make smarter decisions.","robots":{"index":"index","follow":"follow","max-snippet":"max-snippet:-1","max-image-preview":"max-image-preview:large","max-video-preview":"max-video-preview:-1"},"canonical":"https:\/\/republikken.net\/da\/fernando-and-the-future-of-public-mobility\/","og_locale":"da_DK","og_type":"article","og_title":"Fernando og fremtiden for offentlig mobilitet | Republikken","og_description":"Meet Fernando from ImpactMarket and read about public mobility, data, and how better insights can help cities make smarter decisions.","og_url":"https:\/\/republikken.net\/da\/fernando-and-the-future-of-public-mobility\/","og_site_name":"Republikken","article_publisher":"https:\/\/www.facebook.com\/republikken\/?fref=ts","article_published_time":"2026-09-03T10:21:19+00:00","article_modified_time":"2026-09-03T10:57:08+00:00","og_image":[{"width":1080,"height":1350,"url":"https:\/\/republikken.net\/wp-content\/uploads\/2026\/09\/SoMe-Fernando.jpg","type":"image\/jpeg"}],"author":"Community Republikken","twitter_card":"summary_large_image","twitter_misc":{"Skrevet af":"Community Republikken","Estimeret l\u00e6setid":"3 minutter"},"schema":{"@context":"https:\/\/schema.org","@graph":[{"@type":"Article","@id":"https:\/\/republikken.net\/da\/fernando-and-the-future-of-public-mobility\/#article","isPartOf":{"@id":"https:\/\/republikken.net\/da\/fernando-and-the-future-of-public-mobility\/"},"author":{"name":"Community Republikken","@id":"https:\/\/republikken.net\/da\/#\/schema\/person\/d8e3754c336ed41f1cb0fa9bce1caf06"},"headline":"Fernando og fremtiden for offentlig mobilitet","datePublished":"2026-09-03T10:21:19+00:00","dateModified":"2026-09-03T10:57:08+00:00","mainEntityOfPage":{"@id":"https:\/\/republikken.net\/da\/fernando-and-the-future-of-public-mobility\/"},"wordCount":675,"publisher":{"@id":"https:\/\/republikken.net\/da\/#organization"},"image":{"@id":"https:\/\/republikken.net\/da\/fernando-and-the-future-of-public-mobility\/#primaryimage"},"thumbnailUrl":"https:\/\/republikken.net\/wp-content\/uploads\/2026\/09\/SoMe-Fernando.jpg","keywords":["breakfast","Community","copenhagen","coworkingspace","impactmarket","innovation","k\u00f8benhavn","mad","member","morgen","republikken","samtale"],"articleSection":["Community Breakfast Dansk"],"inLanguage":"da-DK"},{"@type":"WebPage","@id":"https:\/\/republikken.net\/da\/fernando-and-the-future-of-public-mobility\/","url":"https:\/\/republikken.net\/da\/fernando-and-the-future-of-public-mobility\/","name":"Fernando og fremtiden for offentlig mobilitet | Republikken","isPartOf":{"@id":"https:\/\/republikken.net\/da\/#website"},"primaryImageOfPage":{"@id":"https:\/\/republikken.net\/da\/fernando-and-the-future-of-public-mobility\/#primaryimage"},"image":{"@id":"https:\/\/republikken.net\/da\/fernando-and-the-future-of-public-mobility\/#primaryimage"},"thumbnailUrl":"https:\/\/republikken.net\/wp-content\/uploads\/2026\/09\/SoMe-Fernando.jpg","datePublished":"2026-09-03T10:21:19+00:00","dateModified":"2026-09-03T10:57:08+00:00","description":"Meet Fernando from ImpactMarket and read about public mobility, data, and how better insights can help cities make smarter decisions.","breadcrumb":{"@id":"https:\/\/republikken.net\/da\/fernando-and-the-future-of-public-mobility\/#breadcrumb"},"inLanguage":"da-DK","potentialAction":[{"@type":"ReadAction","target":["https:\/\/republikken.net\/da\/fernando-and-the-future-of-public-mobility\/"]}]},{"@type":"ImageObject","inLanguage":"da-DK","@id":"https:\/\/republikken.net\/da\/fernando-and-the-future-of-public-mobility\/#primaryimage","url":"https:\/\/republikken.net\/wp-content\/uploads\/2026\/09\/SoMe-Fernando.jpg","contentUrl":"https:\/\/republikken.net\/wp-content\/uploads\/2026\/09\/SoMe-Fernando.jpg","width":1080,"height":1350,"caption":"Fernando from ImpactMarket"},{"@type":"BreadcrumbList","@id":"https:\/\/republikken.net\/da\/fernando-and-the-future-of-public-mobility\/#breadcrumb","itemListElement":[{"@type":"ListItem","position":1,"name":"Home","item":"https:\/\/republikken.net\/da\/"},{"@type":"ListItem","position":2,"name":"Fernando og fremtiden for offentlig mobilitet"}]},{"@type":"WebSite","@id":"https:\/\/republikken.net\/da\/#website","url":"https:\/\/republikken.net\/da\/","name":"Republikken","description":"Coworking in Copenhagen","publisher":{"@id":"https:\/\/republikken.net\/da\/#organization"},"potentialAction":[{"@type":"SearchAction","target":{"@type":"EntryPoint","urlTemplate":"https:\/\/republikken.net\/da\/?s={search_term_string}"},"query-input":{"@type":"PropertyValueSpecification","valueRequired":true,"valueName":"search_term_string"}}],"inLanguage":"da-DK"},{"@type":"Organization","@id":"https:\/\/republikken.net\/da\/#organization","name":"Republikken","url":"https:\/\/republikken.net\/da\/","logo":{"@type":"ImageObject","inLanguage":"da-DK","@id":"https:\/\/republikken.net\/da\/#\/schema\/logo\/image\/","url":"http:\/\/coworkcopenhagen.dk\/wp-content\/uploads\/2023\/05\/republikken-logo-yoast.png","contentUrl":"http:\/\/coworkcopenhagen.dk\/wp-content\/uploads\/2023\/05\/republikken-logo-yoast.png","width":696,"height":696,"caption":"Republikken"},"image":{"@id":"https:\/\/republikken.net\/da\/#\/schema\/logo\/image\/"},"sameAs":["https:\/\/www.facebook.com\/republikken\/?fref=ts","https:\/\/www.instagram.com\/republikken\/","https:\/\/www.linkedin.com\/company\/republikken\/"]},{"@type":"Person","@id":"https:\/\/republikken.net\/da\/#\/schema\/person\/d8e3754c336ed41f1cb0fa9bce1caf06","name":"Community Republikken","image":{"@type":"ImageObject","inLanguage":"da-DK","@id":"https:\/\/secure.gravatar.com\/avatar\/4605df72db4941e55370b52dfb6edd768bf880ea554a5f32473320020940ecf0?s=96&d=mm&r=g","url":"https:\/\/secure.gravatar.com\/avatar\/4605df72db4941e55370b52dfb6edd768bf880ea554a5f32473320020940ecf0?s=96&d=mm&r=g","contentUrl":"https:\/\/secure.gravatar.com\/avatar\/4605df72db4941e55370b52dfb6edd768bf880ea554a5f32473320020940ecf0?s=96&d=mm&r=g","caption":"Community Republikken"},"description":"Join us.. it's great.","sameAs":["https:\/\/republikken.net\/","https:\/\/www.linkedin.com\/company\/republikken"],"url":"https:\/\/republikken.net\/da\/author\/admin\/"}]}},"_links":{"self":[{"href":"https:\/\/republikken.net\/da\/wp-json\/wp\/v2\/posts\/9639","targetHints":{"allow":["GET"]}}],"collection":[{"href":"https:\/\/republikken.net\/da\/wp-json\/wp\/v2\/posts"}],"about":[{"href":"https:\/\/republikken.net\/da\/wp-json\/wp\/v2\/types\/post"}],"author":[{"embeddable":true,"href":"https:\/\/republikken.net\/da\/wp-json\/wp\/v2\/users\/1"}],"replies":[{"embeddable":true,"href":"https:\/\/republikken.net\/da\/wp-json\/wp\/v2\/comments?post=9639"}],"version-history":[{"count":2,"href":"https:\/\/republikken.net\/da\/wp-json\/wp\/v2\/posts\/9639\/revisions"}],"predecessor-version":[{"id":9643,"href":"https:\/\/republikken.net\/da\/wp-json\/wp\/v2\/posts\/9639\/revisions\/9643"}],"wp:featuredmedia":[{"embeddable":true,"href":"https:\/\/republikken.net\/da\/wp-json\/wp\/v2\/media\/9638"}],"wp:attachment":[{"href":"https:\/\/republikken.net\/da\/wp-json\/wp\/v2\/media?parent=9639"}],"wp:term":[{"taxonomy":"category","embeddable":true,"href":"https:\/\/republikken.net\/da\/wp-json\/wp\/v2\/categories?post=9639"},{"taxonomy":"post_tag","embeddable":true,"href":"https:\/\/republikken.net\/da\/wp-json\/wp\/v2\/tags?post=9639"}],"curies":[{"name":"wp","href":"https:\/\/api.w.org\/{rel}","templated":true}]}}